{"id":6185,"date":"2018-10-25T22:06:57","date_gmt":"2018-10-25T22:06:57","guid":{"rendered":"http:\/\/www.adepac.org\/inicio\/?p=6185"},"modified":"2018-12-11T23:03:19","modified_gmt":"2018-12-11T23:03:19","slug":"complejos-junguianos-de-la-persona-y-la-sombra-entrevista-con-el-analista-juan-carlos-alonso","status":"publish","type":"post","link":"https:\/\/www.adepac.org\/inicio\/complejos-junguianos-de-la-persona-y-la-sombra-entrevista-con-el-analista-juan-carlos-alonso\/","title":{"rendered":"La persona y la sombra en Psicolog\u00eda Junguiana &#8211; Entrevista con el analista Juan Carlos Alonso"},"content":{"rendered":"<p><iframe loading=\"lazy\" title=\"La persona y la sombra en Psicolog\u00eda Junguiana\" width=\"640\" height=\"360\" src=\"https:\/\/www.youtube.com\/embed\/ndywmxpfN6c?feature=oembed\" frameborder=\"0\" allow=\"accelerometer; autoplay; clipboard-write; encrypted-media; gyroscope; picture-in-picture; web-share\" referrerpolicy=\"strict-origin-when-cross-origin\" allowfullscreen><\/iframe><\/p>\n<p style=\"text-align: center;\">Cuarta de 5 entrevistas con Juan Carlos Alonso, analista junguiano, autor del libro \u201cPsicolog\u00eda Junguiana: teor\u00eda, pr\u00e1ctica y aplicaciones\u201d. Editorial Ouroboros &#8211; Septiembre de 2018. Responde a las preguntas: \u00bfCu\u00e1l es el papel del yo de un individuo ante los complejos de la sombra y de la persona? \u00bfDe d\u00f3nde surge el nombre de \u201cpersona? Lo mencionado hasta ahora se refiere a la teor\u00eda en la psicolog\u00eda junguiana, \u00bfpuede darnos ejemplos de lo que puede ser su pr\u00e1ctica? \u00bfC\u00f3mo es la t\u00e9cnica junguiana de la interpretaci\u00f3n de sue\u00f1os? \u00bfCu\u00e1l es la finalidad de trabajar con la sombra en un proceso terap\u00e9utico?<\/p>\n","protected":false},"excerpt":{"rendered":"<p>Cuarta de 5 entrevistas con Juan Carlos Alonso, analista junguiano, autor del libro \u201cPsicolog\u00eda Junguiana: teor\u00eda, pr\u00e1ctica y aplicaciones\u201d. Editorial Ouroboros &#8211; Septiembre de 2018. Responde a las preguntas: \u00bfCu\u00e1l es el papel del yo de un individuo ante los &hellip; <a href=\"https:\/\/www.adepac.org\/inicio\/complejos-junguianos-de-la-persona-y-la-sombra-entrevista-con-el-analista-juan-carlos-alonso\/\">Sigue leyendo <span class=\"meta-nav\">&rarr;<\/span><\/a><\/p>\n","protected":false},"author":1,"featured_media":0,"comment_status":"closed","ping_status":"closed","sticky":false,"template":"","format":"standard","meta":{"footnotes":""},"categories":[1],"tags":[],"class_list":["post-6185","post","type-post","status-publish","format-standard","hentry","category-sin-categoria"],"_links":{"self":[{"href":"https:\/\/www.adepac.org\/inicio\/wp-json\/wp\/v2\/posts\/6185","targetHints":{"allow":["GET"]}}],"collection":[{"href":"https:\/\/www.adepac.org\/inicio\/wp-json\/wp\/v2\/posts"}],"about":[{"href":"https:\/\/www.adepac.org\/inicio\/wp-json\/wp\/v2\/types\/post"}],"author":[{"embeddable":true,"href":"https:\/\/www.adepac.org\/inicio\/wp-json\/wp\/v2\/users\/1"}],"replies":[{"embeddable":true,"href":"https:\/\/www.adepac.org\/inicio\/wp-json\/wp\/v2\/comments?post=6185"}],"version-history":[{"count":3,"href":"https:\/\/www.adepac.org\/inicio\/wp-json\/wp\/v2\/posts\/6185\/revisions"}],"predecessor-version":[{"id":6212,"href":"https:\/\/www.adepac.org\/inicio\/wp-json\/wp\/v2\/posts\/6185\/revisions\/6212"}],"wp:attachment":[{"href":"https:\/\/www.adepac.org\/inicio\/wp-json\/wp\/v2\/media?parent=6185"}],"wp:term":[{"taxonomy":"category","embeddable":true,"href":"https:\/\/www.adepac.org\/inicio\/wp-json\/wp\/v2\/categories?post=6185"},{"taxonomy":"post_tag","embeddable":true,"href":"https:\/\/www.adepac.org\/inicio\/wp-json\/wp\/v2\/tags?post=6185"}],"curies":[{"name":"wp","href":"https:\/\/api.w.org\/{rel}","templated":true}]}}