{"id":6169,"date":"2018-10-09T20:00:56","date_gmt":"2018-10-09T20:00:56","guid":{"rendered":"http:\/\/www.adepac.org\/inicio\/?p=6169"},"modified":"2018-10-09T20:00:56","modified_gmt":"2018-10-09T20:00:56","slug":"tipos-psicologicos-junguianos-entrevista-con-el-analista-juan-carlos-alonso","status":"publish","type":"post","link":"https:\/\/www.adepac.org\/inicio\/tipos-psicologicos-junguianos-entrevista-con-el-analista-juan-carlos-alonso\/","title":{"rendered":"Tipos psicol\u00f3gicos junguianos &#8211; Entrevista con el analista Juan Carlos Alonso"},"content":{"rendered":"<p><iframe loading=\"lazy\" title=\"Tipos psicol\u00f3gicos junguianos\" width=\"640\" height=\"360\" src=\"https:\/\/www.youtube.com\/embed\/OeBIOrUaqz0?feature=oembed\" frameborder=\"0\" allow=\"accelerometer; autoplay; clipboard-write; encrypted-media; gyroscope; picture-in-picture; web-share\" referrerpolicy=\"strict-origin-when-cross-origin\" allowfullscreen><\/iframe><\/p>\n<h4 style=\"text-align: center;\">Entrevista 2 con Juan Carlos Alonso, analista junguiano, autor del libro \u201cPsicolog\u00eda Junguiana: teor\u00eda, pr\u00e1ctica y aplicaciones\u201d. Editorial Ouroboros &#8211; Septiembre de 2018. Responde a las preguntas: \u00bfPuede ampliar la idea junguiana de que el desarrollo de la personalidad no se detiene a lo largo de la vida? \u00bfC\u00f3mo era la estructura de la psique que propon\u00eda Jung? \u00bfCu\u00e1les eran los planteamientos centrales de Jung acerca de la consciencia?<\/h4>\n","protected":false},"excerpt":{"rendered":"<p>Entrevista 2 con Juan Carlos Alonso, analista junguiano, autor del libro \u201cPsicolog\u00eda Junguiana: teor\u00eda, pr\u00e1ctica y aplicaciones\u201d. Editorial Ouroboros &#8211; Septiembre de 2018. Responde a las preguntas: \u00bfPuede ampliar la idea junguiana de que el desarrollo de la personalidad no &hellip; <a href=\"https:\/\/www.adepac.org\/inicio\/tipos-psicologicos-junguianos-entrevista-con-el-analista-juan-carlos-alonso\/\">Sigue leyendo <span class=\"meta-nav\">&rarr;<\/span><\/a><\/p>\n","protected":false},"author":1,"featured_media":0,"comment_status":"closed","ping_status":"closed","sticky":false,"template":"","format":"standard","meta":{"footnotes":""},"categories":[1],"tags":[],"class_list":["post-6169","post","type-post","status-publish","format-standard","hentry","category-sin-categoria"],"_links":{"self":[{"href":"https:\/\/www.adepac.org\/inicio\/wp-json\/wp\/v2\/posts\/6169","targetHints":{"allow":["GET"]}}],"collection":[{"href":"https:\/\/www.adepac.org\/inicio\/wp-json\/wp\/v2\/posts"}],"about":[{"href":"https:\/\/www.adepac.org\/inicio\/wp-json\/wp\/v2\/types\/post"}],"author":[{"embeddable":true,"href":"https:\/\/www.adepac.org\/inicio\/wp-json\/wp\/v2\/users\/1"}],"replies":[{"embeddable":true,"href":"https:\/\/www.adepac.org\/inicio\/wp-json\/wp\/v2\/comments?post=6169"}],"version-history":[{"count":1,"href":"https:\/\/www.adepac.org\/inicio\/wp-json\/wp\/v2\/posts\/6169\/revisions"}],"predecessor-version":[{"id":6170,"href":"https:\/\/www.adepac.org\/inicio\/wp-json\/wp\/v2\/posts\/6169\/revisions\/6170"}],"wp:attachment":[{"href":"https:\/\/www.adepac.org\/inicio\/wp-json\/wp\/v2\/media?parent=6169"}],"wp:term":[{"taxonomy":"category","embeddable":true,"href":"https:\/\/www.adepac.org\/inicio\/wp-json\/wp\/v2\/categories?post=6169"},{"taxonomy":"post_tag","embeddable":true,"href":"https:\/\/www.adepac.org\/inicio\/wp-json\/wp\/v2\/tags?post=6169"}],"curies":[{"name":"wp","href":"https:\/\/api.w.org\/{rel}","templated":true}]}}