{"id":10242,"date":"2026-03-04T20:13:54","date_gmt":"2026-03-04T20:13:54","guid":{"rendered":"https:\/\/www.adepac.org\/inicio\/?p=10242"},"modified":"2026-03-04T20:13:54","modified_gmt":"2026-03-04T20:13:54","slug":"sobre-los-suenos-y-la-muerte-de-marie-louise-von-franz-j-c-alonso","status":"publish","type":"post","link":"https:\/\/www.adepac.org\/inicio\/sobre-los-suenos-y-la-muerte-de-marie-louise-von-franz-j-c-alonso\/","title":{"rendered":"Sobre los sue\u00f1os y la muerte, de Marie-Louise von Franz \u2013 J. C. Alonso"},"content":{"rendered":"<div class=\"wp-block-image\">\n<figure class=\"aligncenter size-full is-resized\"><a href=\"https:\/\/www.adepac.org\/wp-content\/uploads\/2026\/03\/Von-Franz-Suenos-muerte.jpg\"><img loading=\"lazy\" decoding=\"async\" width=\"307\" height=\"493\" src=\"https:\/\/www.adepac.org\/wp-content\/uploads\/2026\/03\/Von-Franz-Suenos-muerte.jpg\" alt=\"\" class=\"wp-image-10243\" style=\"width:207px;height:auto\" srcset=\"https:\/\/www.adepac.org\/wp-content\/uploads\/2026\/03\/Von-Franz-Suenos-muerte.jpg 307w, https:\/\/www.adepac.org\/wp-content\/uploads\/2026\/03\/Von-Franz-Suenos-muerte-187x300.jpg 187w\" sizes=\"auto, (max-width: 307px) 100vw, 307px\" \/><\/a><\/figure>\n<\/div>\n\n\n<p class=\"has-text-align-right\"><br><strong>Rese\u00f1a de Juan Carlos Alonso<\/strong><\/p>\n\n\n\n<p>En una \u00e9poca en la que abundan libros sobre la muerte centrados en el duelo, en el acompa\u00f1amiento de personas cercanas a la muerte o sobre la actitud consciente que se debe tener ante la muerte, resulta especialmente valioso una obra que se atreve a acercarse al tema desde otro \u00e1ngulo, y es el de la vida on\u00edrica. <em>Sobre los sue\u00f1os y la muerte<\/em>, de Marie-Louise von Franz, no es un manual de tanatolog\u00eda ni un libro de consuelo espiritual. <\/p>\n\n\n\n<p>Es una obra de psicolog\u00eda profunda que busca comprender a trav\u00e9s de los sue\u00f1os lo que hace lo inconsciente cuando la muerte se acerca, y c\u00f3mo esa \u201cnaturaleza interior\u201d prepara, a veces con sorprendente lucidez simb\u00f3lica, para el tr\u00e1nsito final. La autora plantea desde el inicio y con un \u00e9nfasis claro que el objetivo del libro no es orientar hacia \u201cc\u00f3mo tratar\u201d a quien va a morir, sino qu\u00e9 revelan los sue\u00f1os de esas personas y c\u00f3mo lo que se exige de nosotros es un trabajo serio de interpretaci\u00f3n.<\/p>\n\n\n\n<p>Von Franz, disc\u00edpula y colaboradora cercana de Jung, escribe con el estilo que la caracteriza. Con rigor, exploraci\u00f3n cultural y profundidad, logra pensar en t\u00e9rminos simb\u00f3licos temas en los que otros autores prefieren quedarse en lo meramente psicol\u00f3gico. A partir de material on\u00edrico de personas mayores o con enfermedades graves, muestra c\u00f3mo el sue\u00f1o no se limita a reflejar ansiedad o negaci\u00f3n, sino que con frecuencia organiza im\u00e1genes de transformaci\u00f3n, ya sea con temas de separaciones, viajes, cambios de morada, figuras numinosas, o escenas de umbral. <\/p>\n\n\n\n<p>En t\u00e9rminos junguianos, es como si el proceso de individuaci\u00f3n continuara en esos momentos su curso y buscara una forma de representaci\u00f3n, aun cuando el yo est\u00e9 debilitado o cuando la consciencia se aferra a explicaciones defensivas. Un acierto del libro es que no convierte eso en \u201cprueba\u201d metaf\u00edsica de nada, sino que lo presenta, m\u00e1s bien, como un hecho ps\u00edquico. Y es que la psique se comporta muchas veces como si hubiera continuidad, y ante esa claridad, produce s\u00edmbolos que orientan.<\/p>\n\n\n\n<p>Uno de los aportes m\u00e1s originales de la obra es su uso de la amplificaci\u00f3n. Cuando los sue\u00f1os se vuelven arquet\u00edpicos y las asociaciones personales se ven limitadas en su alcance, Von Franz recurre con maestr\u00eda a la alquimia occidental y a las tradiciones rituales antiguas para explicar patrones de muerte y de resurrecci\u00f3n que reaparecen, con ciertas variaciones, en personas contempor\u00e1neas. Esa erudici\u00f3n cumple una funci\u00f3n cl\u00ednica, porque permite que im\u00e1genes oscuras recuperen sentido y que el so\u00f1ante no quede solo y desorientado frente a lo incomprensible. El libro tambi\u00e9n deja entrever una cr\u00edtica a la pobreza simb\u00f3lica moderna, pues all\u00ed donde la cultura ofrece pocas im\u00e1genes vivas para pensar la muerte, lo inconsciente parece insistir en crearlas, como si el ser humano necesitara s\u00edmbolos para atravesar lo inevitable.<\/p>\n\n\n\n<p>Por su densidad y por el tipo de material que trabaja, es una obra especialmente recomendable para terapeutas, estudiantes y personal cl\u00ednico interesados en el final de la vida que no se conformen con explicaciones lineales. Se trata de un libro exigente, pero profundamente fecundo, que no tranquiliza con f\u00f3rmulas, que no simplifica el misterio, y que tampoco lo vuelve espect\u00e1culo. Yo dir\u00eda que invita, m\u00e1s bien, a una actitud necesaria ante la muerte, que es la de sostener la pregunta, escuchar las im\u00e1genes y permitir que el sue\u00f1o ense\u00f1e su propio lenguaje. En ese sentido, <em>Sobre los sue\u00f1os y la muerte<\/em> es un texto de referencia, de esos que se vuelven una compa\u00f1\u00eda intelectual y cl\u00ednica, y que, cada vez que se releen, siguen abriendo el horizonte.<\/p>\n","protected":false},"excerpt":{"rendered":"<p>Rese\u00f1a de Juan Carlos Alonso En una \u00e9poca en la que abundan libros sobre la muerte centrados en el duelo, en el acompa\u00f1amiento de personas cercanas a la muerte o sobre la actitud consciente que se debe tener ante la &hellip; <a href=\"https:\/\/www.adepac.org\/inicio\/sobre-los-suenos-y-la-muerte-de-marie-louise-von-franz-j-c-alonso\/\">Sigue leyendo <span class=\"meta-nav\">&rarr;<\/span><\/a><\/p>\n","protected":false},"author":1,"featured_media":0,"comment_status":"closed","ping_status":"closed","sticky":false,"template":"","format":"standard","meta":{"footnotes":""},"categories":[1],"tags":[],"class_list":["post-10242","post","type-post","status-publish","format-standard","hentry","category-sin-categoria"],"_links":{"self":[{"href":"https:\/\/www.adepac.org\/inicio\/wp-json\/wp\/v2\/posts\/10242","targetHints":{"allow":["GET"]}}],"collection":[{"href":"https:\/\/www.adepac.org\/inicio\/wp-json\/wp\/v2\/posts"}],"about":[{"href":"https:\/\/www.adepac.org\/inicio\/wp-json\/wp\/v2\/types\/post"}],"author":[{"embeddable":true,"href":"https:\/\/www.adepac.org\/inicio\/wp-json\/wp\/v2\/users\/1"}],"replies":[{"embeddable":true,"href":"https:\/\/www.adepac.org\/inicio\/wp-json\/wp\/v2\/comments?post=10242"}],"version-history":[{"count":2,"href":"https:\/\/www.adepac.org\/inicio\/wp-json\/wp\/v2\/posts\/10242\/revisions"}],"predecessor-version":[{"id":10245,"href":"https:\/\/www.adepac.org\/inicio\/wp-json\/wp\/v2\/posts\/10242\/revisions\/10245"}],"wp:attachment":[{"href":"https:\/\/www.adepac.org\/inicio\/wp-json\/wp\/v2\/media?parent=10242"}],"wp:term":[{"taxonomy":"category","embeddable":true,"href":"https:\/\/www.adepac.org\/inicio\/wp-json\/wp\/v2\/categories?post=10242"},{"taxonomy":"post_tag","embeddable":true,"href":"https:\/\/www.adepac.org\/inicio\/wp-json\/wp\/v2\/tags?post=10242"}],"curies":[{"name":"wp","href":"https:\/\/api.w.org\/{rel}","templated":true}]}}